{"id":35694,"date":"2026-01-15T10:02:16","date_gmt":"2026-01-15T09:02:16","guid":{"rendered":"https:\/\/hdke.hu\/?p=35694"},"modified":"2026-01-28T13:12:54","modified_gmt":"2026-01-28T12:12:54","slug":"international-holocaust-remembrance-day-3","status":"publish","type":"post","link":"https:\/\/hdke.hu\/en\/international-holocaust-remembrance-day-3\/","title":{"rendered":"International Holocaust Remembrance Day"},"content":{"rendered":"<p style=\"text-align: center;\">The Holocaust Museum in Budapest cordially invites you<br \/>\nto the commemoration of the<br \/>\n<strong>International Holocaust Remembrance Day<\/strong><br \/>\nbeginning at<br \/>\n11 am on Tuesday, January 27, 2026.<\/p>\n<hr \/>\n<p>In 2005, the United Nations General Assembly designated 27 January as International Holocaust Remembrance Day. On this day in 1945, Auschwitz- Birkenau, the largest and most notorious Nazi death camp, was liberated. On the 81th anniversary of the liberation of Auschwitz, we honour the memory of the six million victims of the Holocaust in Europe, including half a million Hungarians.<\/p>\n<p><strong>LOCATION:<\/strong> 1094 Budapest, 39 P\u00e1va Street<br \/>\n<strong>DATE:<\/strong> 27 January 2026 at 11 am<\/p>\n<p><strong>KADDISH AT THE MEMORIAL WALL:<\/strong><br \/>\nRabbi Baruch Oberlander, head of the<br \/>\nBudapest Orthodox Rabbinate<br \/>\nImm\u00e1nuel Zucker, K\u00e9l m\u00e1l\u00e9 r\u00e1h\u00e1mim, cantor<\/p>\n<p><strong>MUSICAL PROGRAM:<\/strong><br \/>\nRoby Lakatos &amp; K\u00e1lm\u00e1n Cs\u00e9ki duet<br \/>\nEnglish interpretation will be provided at the commemoration.<br \/>\nIf you wish to participate, please fill the Google form by 26 January 2026:<br \/>\n<a href=\"https:\/\/bit.ly\/HolokausztNemzetk\u00f6ziEml\u00e9knapja\">https:\/\/bit.ly\/HolokausztNemzetk\u00f6ziEml\u00e9knapja<\/a><\/p>\n<h3>Gal\u00e9ri\u00e1k<\/h3>\n<table>\n    <tr>\n        <th>N\u00e9v<\/th>\n    <\/tr>\n\t        <tr>\n            <td>\n                <a href=\"https:\/\/hdke.hu\/en\/galeria\/nemzetkozi-holokauszt-emleknap\/\">\n\t\t\t\t\tNemzetk\u00f6zi Holokauszt Eml\u00e9knap                <\/a>\n            <\/td>\n        <\/tr>\n\t<\/table>\n<h3>Csatolm\u00e1nyok<\/h3>\n<table>\n    <tr>\n        <th>N\u00e9v<\/th>\n        <th>M\u00e9ret<\/th>\n    <\/tr>\n\t        <tr>\n            <td>\n                <a href=\"https:\/\/hdke.hu\/wp-content\/uploads\/2026\/01\/invitation-2.pdf\">\n\t\t\t\t\tinvitation                <\/a>\n            <\/td>\n            <td>239 KB<\/td>\n        <\/tr>\n\t<\/table>\n","protected":false},"excerpt":{"rendered":"<p>The Holocaust Museum in Budapest cordially invites you to the commemoration of the International Holocaust Remembrance Day beginning at 11 am on Tuesday, January 27, 2026. In 2005, the United Nations General Assembly designated 27 January as International Holocaust Remembrance Day. On this day in 1945, Auschwitz- Birkenau, the largest and most notorious Nazi death<\/p>\n","protected":false},"author":15,"featured_media":35711,"comment_status":"closed","ping_status":"open","sticky":false,"template":"","format":"standard","meta":{"footnotes":""},"categories":[2],"tags":[],"class_list":["post-35694","post","type-post","status-publish","format-standard","has-post-thumbnail","hentry","category-uncategorized"],"acf":[],"_links":{"self":[{"href":"https:\/\/hdke.hu\/en\/wp-json\/wp\/v2\/posts\/35694","targetHints":{"allow":["GET"]}}],"collection":[{"href":"https:\/\/hdke.hu\/en\/wp-json\/wp\/v2\/posts"}],"about":[{"href":"https:\/\/hdke.hu\/en\/wp-json\/wp\/v2\/types\/post"}],"author":[{"embeddable":true,"href":"https:\/\/hdke.hu\/en\/wp-json\/wp\/v2\/users\/15"}],"replies":[{"embeddable":true,"href":"https:\/\/hdke.hu\/en\/wp-json\/wp\/v2\/comments?post=35694"}],"version-history":[{"count":7,"href":"https:\/\/hdke.hu\/en\/wp-json\/wp\/v2\/posts\/35694\/revisions"}],"predecessor-version":[{"id":35927,"href":"https:\/\/hdke.hu\/en\/wp-json\/wp\/v2\/posts\/35694\/revisions\/35927"}],"wp:featuredmedia":[{"embeddable":true,"href":"https:\/\/hdke.hu\/en\/wp-json\/wp\/v2\/media\/35711"}],"wp:attachment":[{"href":"https:\/\/hdke.hu\/en\/wp-json\/wp\/v2\/media?parent=35694"}],"wp:term":[{"taxonomy":"category","embeddable":true,"href":"https:\/\/hdke.hu\/en\/wp-json\/wp\/v2\/categories?post=35694"},{"taxonomy":"post_tag","embeddable":true,"href":"https:\/\/hdke.hu\/en\/wp-json\/wp\/v2\/tags?post=35694"}],"curies":[{"name":"wp","href":"https:\/\/api.w.org\/{rel}","templated":true}]}}